{"id":37798,"date":"2025-05-12T11:30:00","date_gmt":"2025-05-12T09:30:00","guid":{"rendered":"https:\/\/www.contents.com\/?p=37798"},"modified":"2025-05-12T11:30:00","modified_gmt":"2025-05-12T09:30:00","slug":"a-arte-da-coerencia-como-a-governanca-de-conteudos-fortalece-marcas-em-grandes-empresas","status":"publish","type":"post","link":"https:\/\/www.contents.com\/pt\/magazine\/comercio-eletronico\/a-arte-da-coerencia-como-a-governanca-de-conteudos-fortalece-marcas-em-grandes-empresas\/","title":{"rendered":"A Arte da Coer\u00eancia: Como a Governan\u00e7a de Conte\u00fados Fortalece Marcas em Grandes Empresas"},"content":{"rendered":"<p>A arte da coer\u00eancia na governan\u00e7a de conte\u00fados fortalece marcas em grandes empresas, destacando a import\u00e2ncia da personaliza\u00e7\u00e3o com consist\u00eancia em m\u00faltiplas plataformas. A visibilidade cont\u00ednua nas redes sociais, mantida atrav\u00e9s da frequ\u00eancia adequada de postagens, e a constru\u00e7\u00e3o de relacionamentos estrat\u00e9gicos com embaixadores e aliados s\u00e3o pilares fundamentais.<\/p>\n<h2>Personaliza\u00e7\u00e3o com Consist\u00eancia: O Desafio das M\u00faltiplas Plataformas<\/h2>\n<p>Personalizar o marketing em v\u00e1rias plataformas de m\u00eddia social \u00e9 essencial para alcan\u00e7ar diferentes p\u00fablicos, por\u00e9m manter a consist\u00eancia da mensagem e elementos visuais representa um desafio. Adaptar o tom e o conte\u00fado ao p\u00fablico-alvo \u00e9 fundamental para garantir a identifica\u00e7\u00e3o com a marca em cada plataforma utilizada. \u00c9 necess\u00e1rio assegurar que a personalidade da marca seja refletida de maneira uniforme, possibilitando o reconhecimento imediato pelos consumidores. Utilizar os mesmos elementos visuais em todos os posts contribui para uma experi\u00eancia visual coesa e fortalece a identidade da marca, independentemente da plataforma de m\u00eddia social em quest\u00e3o.<\/p>\n<h2>Visibilidade Cont\u00ednua: A Import\u00e2ncia da Frequ\u00eancia nas Redes Sociais<\/h2>\n<p>A visibilidade cont\u00ednua nas redes sociais \u00e9 essencial para manter o engajamento do p\u00fablico-alvo e fortalecer a presen\u00e7a da marca online. A frequ\u00eancia de postagens deve ser cuidadosamente planejada, levando em considera\u00e7\u00e3o o comportamento e as prefer\u00eancias dos seguidores. Manter uma programa\u00e7\u00e3o regular de publica\u00e7\u00f5es ajuda a manter a marca relevante na mente dos consumidores, aumentando a intera\u00e7\u00e3o e a fidelidade. Al\u00e9m disso, a const\u00e2ncia na divulga\u00e7\u00e3o de conte\u00fado permite acompanhar as tend\u00eancias do mercado e se adaptar rapidamente \u00e0s mudan\u00e7as de comportamento dos usu\u00e1rios. Dessa forma, as redes sociais se tornam uma ferramenta poderosa para construir e fortalecer o relacionamento com o p\u00fablico-alvo.<\/p>\n<h2>Embaixadores e Alian\u00e7as: Construindo Relacionamentos Estrat\u00e9gicos<\/h2>\n<p>Encontrar embaixadores da marca e estabelecer alian\u00e7as estrat\u00e9gicas s\u00e3o passos essenciais para fortalecer a presen\u00e7a online de uma empresa. Os embaixadores, que s\u00e3o pessoas influentes com grande alcance nas redes sociais, podem ajudar a aumentar a visibilidade e a credibilidade da marca. Ao associar-se a eles, a empresa pode alcan\u00e7ar novos p\u00fablicos de forma aut\u00eantica e eficaz. Da mesma forma, as alian\u00e7as estrat\u00e9gicas com outras marcas ou empresas complementares podem resultar em colabora\u00e7\u00f5es bem-sucedidas que beneficiam ambas as partes, ampliando o alcance e gerando mais engajamento com o p\u00fablico-alvo em comum.<\/p>\n<p>A coer\u00eancia na governan\u00e7a de conte\u00fados \u00e9 essencial para fortalecer marcas em grandes empresas. A personaliza\u00e7\u00e3o e consist\u00eancia nas plataformas digitais s\u00e3o fundamentais para o sucesso. \u00c0 medida que o mundo digital evolui, como as marcas podem se adaptar de forma inovadora para se destacarem ainda mais nesse cen\u00e1rio em constante mudan\u00e7a?<\/p>\n","protected":false},"excerpt":{"rendered":"<p>&#8220;A coer\u00eancia na governan\u00e7a de conte\u00fados fortalece marcas, destacando a import\u00e2ncia da personaliza\u00e7\u00e3o consistente em m\u00faltiplas plataformas, visibilidade cont\u00ednua nas redes sociais e constru\u00e7\u00e3o de relacionamentos estrat\u00e9gicos com embaixadores e aliados.&#8221;<\/p>\n","protected":false},"author":5,"featured_media":37787,"comment_status":"closed","ping_status":"open","sticky":false,"template":"","format":"standard","meta":{"_acf_changed":false,"content-type":"","inline_featured_image":false,"footnotes":""},"categories":[254],"tags":[],"class_list":["post-37798","post","type-post","status-publish","format-standard","has-post-thumbnail","hentry","category-comercio-eletronico"],"acf":[],"aioseo_notices":[],"_links":{"self":[{"href":"https:\/\/www.contents.com\/pt\/wp-json\/wp\/v2\/posts\/37798","targetHints":{"allow":["GET"]}}],"collection":[{"href":"https:\/\/www.contents.com\/pt\/wp-json\/wp\/v2\/posts"}],"about":[{"href":"https:\/\/www.contents.com\/pt\/wp-json\/wp\/v2\/types\/post"}],"author":[{"embeddable":true,"href":"https:\/\/www.contents.com\/pt\/wp-json\/wp\/v2\/users\/5"}],"replies":[{"embeddable":true,"href":"https:\/\/www.contents.com\/pt\/wp-json\/wp\/v2\/comments?post=37798"}],"version-history":[{"count":1,"href":"https:\/\/www.contents.com\/pt\/wp-json\/wp\/v2\/posts\/37798\/revisions"}],"predecessor-version":[{"id":37804,"href":"https:\/\/www.contents.com\/pt\/wp-json\/wp\/v2\/posts\/37798\/revisions\/37804"}],"wp:featuredmedia":[{"embeddable":true,"href":"https:\/\/www.contents.com\/pt\/wp-json\/wp\/v2\/media\/37787"}],"wp:attachment":[{"href":"https:\/\/www.contents.com\/pt\/wp-json\/wp\/v2\/media?parent=37798"}],"wp:term":[{"taxonomy":"category","embeddable":true,"href":"https:\/\/www.contents.com\/pt\/wp-json\/wp\/v2\/categories?post=37798"},{"taxonomy":"post_tag","embeddable":true,"href":"https:\/\/www.contents.com\/pt\/wp-json\/wp\/v2\/tags?post=37798"}],"curies":[{"name":"wp","href":"https:\/\/api.w.org\/{rel}","templated":true}]}}