{"id":33741,"date":"2025-01-03T12:00:00","date_gmt":"2025-01-03T11:00:00","guid":{"rendered":"https:\/\/www.contents.com\/magazine\/inteligencia-artificial\/maximizando-o-potencial-da-ia-protecao-de-dados-sem-compromissos\/"},"modified":"2025-04-01T15:30:13","modified_gmt":"2025-04-01T13:30:13","slug":"maximizando-o-potencial-da-ia-protecao-de-dados-sem-compromissos","status":"publish","type":"post","link":"https:\/\/www.contents.com\/pt\/magazine\/inteligencia-artificial-pt\/maximizando-o-potencial-da-ia-protecao-de-dados-sem-compromissos\/","title":{"rendered":"Maximizando o Potencial da IA: Prote\u00e7\u00e3o de Dados sem Compromissos"},"content":{"rendered":"<p>A rela\u00e7\u00e3o entre intelig\u00eancia artificial (IA) e prote\u00e7\u00e3o de dados pessoais \u00e9 crucial na era digital. Ginevra Cerrina Feroni, vice-presidente do Garante para a prote\u00e7\u00e3o de dados pessoais, destaca os desafios t\u00e9cnicos, normativos e \u00e9ticos envolvidos. A regulamenta\u00e7\u00e3o da IA e a governan\u00e7a dos dados s\u00e3o fundamentais para garantir inova\u00e7\u00e3o sem comprometer a privacidade.<\/p>\n<h2>IA e Privacidade: O Delicado Equil\u00edbrio entre Inova\u00e7\u00e3o e Direitos<\/h2>\n<p>A rela\u00e7\u00e3o entre intelig\u00eancia artificial (IA) e privacidade dos dados pessoais representa um delicado equil\u00edbrio entre inova\u00e7\u00e3o tecnol\u00f3gica e direitos fundamentais. O uso crescente da IA na gest\u00e3o e controle administrativo levanta preocupa\u00e7\u00f5es sobre a prote\u00e7\u00e3o da privacidade dos cidad\u00e3os. O Garante para a prote\u00e7\u00e3o de dados pessoais desempenha um papel crucial na defesa dos direitos digitais frente ao tratamento automatizado de informa\u00e7\u00f5es, estabelecendo princ\u00edpios alinhados com o GDPR para garantir que as decis\u00f5es baseadas em processamento automatizado sejam transparentes e \u00e9ticas. Encontrar o equil\u00edbrio certo entre promover a inova\u00e7\u00e3o da IA e proteger a privacidade dos dados \u00e9 essencial para garantir um desenvolvimento tecnol\u00f3gico sustent\u00e1vel e respeitoso com os direitos individuais.<\/p>\n<h2>Regulamenta\u00e7\u00e3o em Foco: O Papel do Garante na Era Digital<\/h2>\n<p>A an\u00e1lise de Ginevra Cerrina Feroni destaca o papel fundamental do Garante para a prote\u00e7\u00e3o de dados pessoais na era digital, especialmente no contexto da intelig\u00eancia artificial (IA). O Garante tem atuado de forma proativa na defesa dos direitos digitais diante do tratamento automatizado de dados, identificando riscos e estabelecendo princ\u00edpios alinhados ao GDPR. Com a intensifica\u00e7\u00e3o do uso da IA durante a pandemia, a vigil\u00e2ncia do Garante se tornou ainda mais crucial, principalmente em setores como sa\u00fade e administra\u00e7\u00e3o p\u00fablica. O desenvolvimento do futuro regulamento sobre IA visa equilibrar inova\u00e7\u00e3o tecnol\u00f3gica e prote\u00e7\u00e3o dos direitos fundamentais, mesmo diante do desafio da sobreposi\u00e7\u00e3o regulat\u00f3ria com o GDPR.<\/p>\n<h2>Governan\u00e7a da IA: Quem Vigia os Guardi\u00f5es dos Dados?<\/h2>\n<p>A governan\u00e7a da IA levanta quest\u00f5es cruciais sobre quem deve supervisionar seu uso e garantir que os direitos dos cidad\u00e3os sejam respeitados. Com a crescente utiliza\u00e7\u00e3o da intelig\u00eancia artificial em diversos setores, \u00e9 fundamental estabelecer mecanismos eficazes de controle e fiscaliza\u00e7\u00e3o para evitar abusos e viola\u00e7\u00f5es de privacidade. O papel dos guardi\u00f5es dos dados, como o Garante para a prote\u00e7\u00e3o de dados pessoais, torna-se ainda mais relevante nesse contexto, pois s\u00e3o respons\u00e1veis por assegurar que as pr\u00e1ticas de IA estejam em conformidade com as normas \u00e9ticas e legais estabelecidas. Uma governan\u00e7a s\u00f3lida da IA \u00e9 essencial para garantir a transpar\u00eancia e a accountability necess\u00e1rias nesse cen\u00e1rio em constante evolu\u00e7\u00e3o.<\/p>\n<p>Em um cen\u00e1rio em constante evolu\u00e7\u00e3o, a rela\u00e7\u00e3o entre intelig\u00eancia artificial e prote\u00e7\u00e3o de dados pessoais continuar\u00e1 a demandar aten\u00e7\u00e3o e regulamenta\u00e7\u00e3o cuidadosa. A busca por um equil\u00edbrio delicado entre inova\u00e7\u00e3o e direitos individuais permanecer\u00e1 como um desafio crucial para a sociedade moderna. Como garantir a transpar\u00eancia e responsabilidade na era digital?<\/p>\n","protected":false},"excerpt":{"rendered":"<p>&#8220;A rela\u00e7\u00e3o entre intelig\u00eancia artificial (IA) e prote\u00e7\u00e3o de dados pessoais exige equil\u00edbrio entre inova\u00e7\u00e3o e direitos individuais. O Garante desempenha papel crucial na defesa dos direitos digitais e na regulamenta\u00e7\u00e3o da IA.&#8221;<\/p>\n","protected":false},"author":5,"featured_media":15213,"comment_status":"open","ping_status":"open","sticky":false,"template":"","format":"standard","meta":{"_acf_changed":false,"content-type":"","inline_featured_image":false,"footnotes":""},"categories":[250],"tags":[],"class_list":["post-33741","post","type-post","status-publish","format-standard","has-post-thumbnail","hentry","category-inteligencia-artificial-pt"],"acf":[],"aioseo_notices":[],"_links":{"self":[{"href":"https:\/\/www.contents.com\/pt\/wp-json\/wp\/v2\/posts\/33741","targetHints":{"allow":["GET"]}}],"collection":[{"href":"https:\/\/www.contents.com\/pt\/wp-json\/wp\/v2\/posts"}],"about":[{"href":"https:\/\/www.contents.com\/pt\/wp-json\/wp\/v2\/types\/post"}],"author":[{"embeddable":true,"href":"https:\/\/www.contents.com\/pt\/wp-json\/wp\/v2\/users\/5"}],"replies":[{"embeddable":true,"href":"https:\/\/www.contents.com\/pt\/wp-json\/wp\/v2\/comments?post=33741"}],"version-history":[{"count":1,"href":"https:\/\/www.contents.com\/pt\/wp-json\/wp\/v2\/posts\/33741\/revisions"}],"predecessor-version":[{"id":35838,"href":"https:\/\/www.contents.com\/pt\/wp-json\/wp\/v2\/posts\/33741\/revisions\/35838"}],"wp:featuredmedia":[{"embeddable":true,"href":"https:\/\/www.contents.com\/pt\/wp-json\/wp\/v2\/media\/15213"}],"wp:attachment":[{"href":"https:\/\/www.contents.com\/pt\/wp-json\/wp\/v2\/media?parent=33741"}],"wp:term":[{"taxonomy":"category","embeddable":true,"href":"https:\/\/www.contents.com\/pt\/wp-json\/wp\/v2\/categories?post=33741"},{"taxonomy":"post_tag","embeddable":true,"href":"https:\/\/www.contents.com\/pt\/wp-json\/wp\/v2\/tags?post=33741"}],"curies":[{"name":"wp","href":"https:\/\/api.w.org\/{rel}","templated":true}]}}