{"id":33739,"date":"2025-01-03T12:00:00","date_gmt":"2025-01-03T11:00:00","guid":{"rendered":"https:\/\/www.contents.com\/magazine\/inteligencia-artificial-es\/maximizar-el-potencial-de-la-ia-un-equilibrio-entre-innovacion-y-privacidad-de-datos\/"},"modified":"2025-04-01T15:30:13","modified_gmt":"2025-04-01T13:30:13","slug":"maximizar-el-potencial-de-la-ia-un-equilibrio-entre-innovacion-y-privacidad-de-datos","status":"publish","type":"post","link":"https:\/\/www.contents.com\/es\/magazine\/inteligencia-artificial\/maximizar-el-potencial-de-la-ia-un-equilibrio-entre-innovacion-y-privacidad-de-datos\/","title":{"rendered":"Maximizar el Potencial de la IA: Un Equilibrio entre Innovaci\u00f3n y Privacidad de Datos"},"content":{"rendered":"<p>La relaci\u00f3n entre la inteligencia artificial (IA) y la protecci\u00f3n de datos personales plantea un desaf\u00edo complejo que involucra aspectos t\u00e9cnicos, normativos y \u00e9ticos. En este contexto, Ginevra Cerrina Feroni destaca el papel crucial del Garante para la protecci\u00f3n de datos en la defensa de los derechos digitales frente al uso de la IA.<\/p>\n<h2>La Delgada L\u00ednea entre la Innovaci\u00f3n y la Regulaci\u00f3n: \u00bfD\u00f3nde Trazar el L\u00edmite?<\/h2>\n<p>En el contexto de la inteligencia artificial (IA), la delgada l\u00ednea entre la innovaci\u00f3n y la regulaci\u00f3n plantea un desaf\u00edo crucial. \u00bfD\u00f3nde trazar el l\u00edmite para fomentar el desarrollo tecnol\u00f3gico sin comprometer la privacidad y los derechos individuales? Esta interrogante es esencial en un entorno donde la IA avanza r\u00e1pidamente, pero donde tambi\u00e9n surgen preocupaciones sobre su impacto \u00e9tico y social. Encontrar un equilibrio adecuado implica considerar no solo el potencial innovador de la IA, sino tambi\u00e9n los riesgos asociados con su uso indiscriminado. La colaboraci\u00f3n entre sectores p\u00fablico y privado, junto con una regulaci\u00f3n clara y efectiva, se revela como clave para garantizar un desarrollo \u00e9tico y responsable de esta tecnolog\u00eda emergente.<\/p>\n<h2>El Rol del Garante: Defendiendo los Derechos Digitales en la Era de la IA<\/h2>\n<p>Ginevra Cerrina Feroni, Vicepresidenta del Garante para la protecci\u00f3n de datos personales, resalta la importancia crucial de esta entidad en la defensa de los derechos digitales frente a tratamientos automatizados de datos. El Garante ha enfrentado riesgos asociados con decisiones automatizadas que impactan a las personas, estableciendo principios reflejados en el GDPR. En la era de la IA, su rol se vuelve a\u00fan m\u00e1s relevante al intensificar sus esfuerzos para evitar un uso indiscriminado de sistemas de an\u00e1lisis de datos, particularmente en el \u00e1mbito sanitario. Su labor se enfoca en proteger la privacidad y garantizar que los derechos fundamentales de los individuos no sean vulnerados en un contexto tecnol\u00f3gico en constante evoluci\u00f3n.<\/p>\n<h2>Regulaci\u00f3n Efectiva: Asegurando una IA Justa y Respetuosa con los Derechos Fundamentales<\/h2>\n<p>La regulaci\u00f3n efectiva es fundamental para garantizar que la inteligencia artificial (IA) sea utilizada de manera justa y respetuosa con los derechos fundamentales. En este sentido, el papel del Garante para la protecci\u00f3n de datos personales es crucial en la defensa de los derechos digitales frente a tratamientos automatizados de datos. A trav\u00e9s del establecimiento de principios reflejados en el GDPR, se busca abordar los riesgos asociados con decisiones automatizadas que puedan afectar a las personas. La propuesta del Reglamento sobre IA pretende regular su uso, identificando niveles de riesgo y estableciendo l\u00edmites en sectores p\u00fablicos y privados, con el objetivo de evitar una sobre-regulaci\u00f3n que pueda entrar en conflicto con el GDPR.<\/p>\n<p>En la encrucijada entre la innovaci\u00f3n y la privacidad de datos, la regulaci\u00f3n de la inteligencia artificial es un desaf\u00edo constante. A medida que avanzamos en esta era digital, es crucial encontrar el equilibrio adecuado que permita maximizar el potencial de la IA sin comprometer los derechos fundamentales de las personas. \u00bfC\u00f3mo podemos garantizar este equilibrio en un mundo en constante evoluci\u00f3n?<\/p>\n","protected":false},"excerpt":{"rendered":"<p>La relaci\u00f3n entre inteligencia artificial (IA) y protecci\u00f3n de datos personales implica desaf\u00edos t\u00e9cnicos, normativos y \u00e9ticos. Ginevra Cerrina Feroni enfatiza el papel del Garante en la defensa de derechos digitales y la necesidad de una regulaci\u00f3n efectiva de la IA.<\/p>\n","protected":false},"author":5,"featured_media":15213,"comment_status":"open","ping_status":"open","sticky":false,"template":"","format":"standard","meta":{"_acf_changed":false,"content-type":"","inline_featured_image":false,"footnotes":""},"categories":[124,431],"tags":[],"class_list":["post-33739","post","type-post","status-publish","format-standard","has-post-thumbnail","hentry","category-inteligencia-artificial","category-inteligencia-artificial-es"],"acf":[],"aioseo_notices":[],"_links":{"self":[{"href":"https:\/\/www.contents.com\/es\/wp-json\/wp\/v2\/posts\/33739","targetHints":{"allow":["GET"]}}],"collection":[{"href":"https:\/\/www.contents.com\/es\/wp-json\/wp\/v2\/posts"}],"about":[{"href":"https:\/\/www.contents.com\/es\/wp-json\/wp\/v2\/types\/post"}],"author":[{"embeddable":true,"href":"https:\/\/www.contents.com\/es\/wp-json\/wp\/v2\/users\/5"}],"replies":[{"embeddable":true,"href":"https:\/\/www.contents.com\/es\/wp-json\/wp\/v2\/comments?post=33739"}],"version-history":[{"count":1,"href":"https:\/\/www.contents.com\/es\/wp-json\/wp\/v2\/posts\/33739\/revisions"}],"predecessor-version":[{"id":35835,"href":"https:\/\/www.contents.com\/es\/wp-json\/wp\/v2\/posts\/33739\/revisions\/35835"}],"wp:featuredmedia":[{"embeddable":true,"href":"https:\/\/www.contents.com\/es\/wp-json\/wp\/v2\/media\/15213"}],"wp:attachment":[{"href":"https:\/\/www.contents.com\/es\/wp-json\/wp\/v2\/media?parent=33739"}],"wp:term":[{"taxonomy":"category","embeddable":true,"href":"https:\/\/www.contents.com\/es\/wp-json\/wp\/v2\/categories?post=33739"},{"taxonomy":"post_tag","embeddable":true,"href":"https:\/\/www.contents.com\/es\/wp-json\/wp\/v2\/tags?post=33739"}],"curies":[{"name":"wp","href":"https:\/\/api.w.org\/{rel}","templated":true}]}}