{"id":29958,"date":"2024-11-12T12:00:00","date_gmt":"2024-11-12T11:00:00","guid":{"rendered":"https:\/\/www.contents.com\/?p=29958"},"modified":"2024-11-12T12:00:00","modified_gmt":"2024-11-12T11:00:00","slug":"desvendando-o-poder-dos-grupos-do-facebook-estrategias-para-construir-comunidades-engajadas","status":"publish","type":"post","link":"https:\/\/www.contents.com\/pt\/magazine\/rede-social\/desvendando-o-poder-dos-grupos-do-facebook-estrategias-para-construir-comunidades-engajadas\/","title":{"rendered":"Desvendando o Poder dos Grupos do Facebook: Estrat\u00e9gias para Construir Comunidades Engajadas"},"content":{"rendered":"<p>Neste artigo, exploraremos estrat\u00e9gias e diretrizes para construir comunidades envolventes no Facebook. Desde a gest\u00e3o de di\u00e1logo at\u00e9 a personaliza\u00e7\u00e3o de conte\u00fado, aprenderemos como transformar grupos em comunidades interativas e de apoio para seus membros. Al\u00e9m disso, abordaremos a import\u00e2ncia de expandir horizontes e levar a comunidade para al\u00e9m do Facebook. Descubra como desvendar o poder dos grupos do Facebook e construir comunidades engajadas!<\/p>\n<h2>Gest\u00e3o de Di\u00e1logo: O Cora\u00e7\u00e3o de uma Comunidade Vibrante<\/h2>\n<p>A gest\u00e3o de di\u00e1logo \u00e9 o cora\u00e7\u00e3o pulsante de uma comunidade vibrante no Facebook. \u00c9 fundamental estabelecer um ambiente onde os membros se sintam encorajados a expressar suas opini\u00f5es, ideias e preocupa\u00e7\u00f5es. Os administradores do grupo devem estar atentos \u00e0s intera\u00e7\u00f5es e garantir que todos sejam ouvidos e respeitados. Isso envolve monitorar ativamente as postagens, responder a perguntas e coment\u00e1rios, e mediar qualquer conflito que possa surgir. Al\u00e9m disso, \u00e9 importante criar regras claras de conduta e incentivar a participa\u00e7\u00e3o ativa dos membros. Uma gest\u00e3o de di\u00e1logo eficaz promove a conex\u00e3o entre os membros, fortalece o senso de pertencimento e cria uma comunidade verdadeiramente engajada.<\/p>\n<h2>Conte\u00fado Personalizado: A Chave para o Envolvimento Aut\u00eantico<\/h2>\n<p>Ao criar uma comunidade engajada no Facebook, \u00e9 essencial oferecer conte\u00fado personalizado aos membros. Isso significa conhecer bem o p\u00fablico-alvo e entender suas necessidades, interesses e prefer\u00eancias. Ao adaptar o conte\u00fado para atender \u00e0s expectativas dos membros, \u00e9 mais prov\u00e1vel que eles se envolvam de forma aut\u00eantica e participem ativamente da comunidade. Isso pode ser feito atrav\u00e9s da cria\u00e7\u00e3o de postagens relevantes, compartilhamento de artigos ou v\u00eddeos que sejam do interesse do grupo, e at\u00e9 mesmo a realiza\u00e7\u00e3o de enquetes ou pesquisas para obter feedback direto dos membros. A chave para o envolvimento aut\u00eantico est\u00e1 em fornecer conte\u00fado personalizado que seja relevante e valioso para os membros da comunidade.<\/p>\n<h2>Expandindo Horizontes: Levando sua Comunidade Al\u00e9m do Facebook<\/h2>\n<p>Expandindo Horizontes: Levando sua Comunidade Al\u00e9m do FacebookPara construir uma comunidade verdadeiramente envolvente, \u00e9 essencial expandir os horizontes al\u00e9m do Facebook. Embora a plataforma seja um ponto de partida valioso, diversificar as plataformas de m\u00eddia social pode ajudar a alcan\u00e7ar um p\u00fablico mais amplo e fortalecer o envolvimento da comunidade. Considere criar uma presen\u00e7a em outras redes sociais populares, como Instagram, Twitter ou LinkedIn, dependendo do seu p\u00fablico-alvo. Al\u00e9m disso, n\u00e3o se limite apenas \u00e0s redes sociais; explore a possibilidade de organizar eventos presenciais ou webinars para promover intera\u00e7\u00f5es pessoais entre os membros da comunidade. Ao levar sua comunidade al\u00e9m do Facebook, voc\u00ea amplia o alcance e a influ\u00eancia do grupo, proporcionando uma experi\u00eancia mais abrangente e significativa para seus membros.<\/p>\n<p>Descubra como desvendar o poder dos grupos do Facebook e construir comunidades engajadas. Ao adotar estrat\u00e9gias de gest\u00e3o de di\u00e1logo, personaliza\u00e7\u00e3o de conte\u00fado e expans\u00e3o para al\u00e9m da plataforma, voc\u00ea pode transformar seu grupo em uma comunidade vibrante e interativa. E voc\u00ea, qual estrat\u00e9gia adotaria para tornar sua comunidade ainda mais envolvente?<\/p>\n","protected":false},"excerpt":{"rendered":"<p>&#8220;Este artigo explora estrat\u00e9gias para construir comunidades engajadas no Facebook, incluindo gest\u00e3o de di\u00e1logo, conte\u00fado personalizado e expans\u00e3o al\u00e9m da plataforma, visando promover intera\u00e7\u00e3o e envolvimento aut\u00eantico dos membros.&#8221;<\/p>\n","protected":false},"author":5,"featured_media":29947,"comment_status":"open","ping_status":"open","sticky":false,"template":"","format":"standard","meta":{"_acf_changed":false,"content-type":"","inline_featured_image":false,"footnotes":""},"categories":[258],"tags":[],"class_list":["post-29958","post","type-post","status-publish","format-standard","has-post-thumbnail","hentry","category-rede-social"],"acf":[],"aioseo_notices":[],"_links":{"self":[{"href":"https:\/\/www.contents.com\/pt\/wp-json\/wp\/v2\/posts\/29958","targetHints":{"allow":["GET"]}}],"collection":[{"href":"https:\/\/www.contents.com\/pt\/wp-json\/wp\/v2\/posts"}],"about":[{"href":"https:\/\/www.contents.com\/pt\/wp-json\/wp\/v2\/types\/post"}],"author":[{"embeddable":true,"href":"https:\/\/www.contents.com\/pt\/wp-json\/wp\/v2\/users\/5"}],"replies":[{"embeddable":true,"href":"https:\/\/www.contents.com\/pt\/wp-json\/wp\/v2\/comments?post=29958"}],"version-history":[{"count":1,"href":"https:\/\/www.contents.com\/pt\/wp-json\/wp\/v2\/posts\/29958\/revisions"}],"predecessor-version":[{"id":29965,"href":"https:\/\/www.contents.com\/pt\/wp-json\/wp\/v2\/posts\/29958\/revisions\/29965"}],"wp:featuredmedia":[{"embeddable":true,"href":"https:\/\/www.contents.com\/pt\/wp-json\/wp\/v2\/media\/29947"}],"wp:attachment":[{"href":"https:\/\/www.contents.com\/pt\/wp-json\/wp\/v2\/media?parent=29958"}],"wp:term":[{"taxonomy":"category","embeddable":true,"href":"https:\/\/www.contents.com\/pt\/wp-json\/wp\/v2\/categories?post=29958"},{"taxonomy":"post_tag","embeddable":true,"href":"https:\/\/www.contents.com\/pt\/wp-json\/wp\/v2\/tags?post=29958"}],"curies":[{"name":"wp","href":"https:\/\/api.w.org\/{rel}","templated":true}]}}