{"id":21178,"date":"2022-11-14T17:49:21","date_gmt":"2022-11-14T16:49:21","guid":{"rendered":"https:\/\/www.contents.com\/tutto-quello-che-ce-da-sapere-sulle-tendenze-su-facebook-tra-il-2022-e-il-2023\/"},"modified":"2024-05-20T20:21:11","modified_gmt":"2024-05-20T18:21:11","slug":"tutto-quello-che-ce-da-sapere-sulle-tendenze-su-facebook-tra-il-2022-e-il-2023","status":"publish","type":"post","link":"https:\/\/www.contents.com\/it\/magazine\/social-media\/tutto-quello-che-ce-da-sapere-sulle-tendenze-su-facebook-tra-il-2022-e-il-2023\/","title":{"rendered":"Tutto quello che c\u2019\u00e8 da sapere sulle tendenze su Facebook tra il 2022 e il 2023"},"content":{"rendered":"<p><span style=\"font-weight: 400;\">In questo periodo storico si pensa che come strumenti di promozione online esistano soltanto Instagram e TikTok. Niente di pi\u00f9 sbagliato! <strong>Facebook<\/strong> rappresenta ancora oggi un\u2019importante vetrina per qualunque azienda che voglia fare brand awareness, particolarmente se punta a rivolgersi a un target molto specifico.<\/span><\/p>\n<p><span style=\"font-weight: 400;\">In un contesto online in continua evoluzione \u00e8 dunque importante conoscere le potenzialit\u00e0 di questa piattaforma per strutturare una strategia adeguata. Quali sono, quindi, i <strong>trend in atto su Facebook<\/strong> che ci porteremo dietro anche nel 2023? Scopriamoli insieme.<\/span><\/p>\n<h2><b>Pi\u00f9 contenuti di \u201cestranei\u201d sul feed<\/b><\/h2>\n<p><span style=\"font-weight: 400;\">Anche su <strong>Facebook<\/strong> (come gi\u00e0 accaduto ad Instagram sulla scia del successo di TikTok) appariranno sempre pi\u00f9 contenuti di utenti che nemmeno seguiamo. Facebook ha gi\u00e0 confermato la sua intenzione di raddoppiare il flusso di notizie all\u2019interno della sezione Home, con contenuti in linea con le nostre preferenze basati sui nostri like, sui nostri commenti e sulle nostre interazioni. Rester\u00e0 ad ogni modo invariata la classica sezione Feed, con i post, le foto e i video dei nostri amici in ordine cronologico.<\/span><\/p>\n<p><span style=\"font-weight: 400;\">L\u2019obiettivo, ufficialmente, \u00e8 quello di favorire nuove connessioni e smuovere le community, che entreranno in contatto in questo modo con contenuti inediti. La direzione, per il resto, \u00e8 chiara: anche Facebook sta cercando di inseguire il nuovo trend di cui TikTok \u00e8 stato precursore (e che Instagram sta cavalcando con un algoritmo che favorisce sempre di pi\u00f9 la creazione di Reel).<\/span><\/p>\n<h2><b>Il ruolo dei video<\/b><\/h2>\n<p><span style=\"font-weight: 400;\">Il punto precedente ha come naturale conseguenza l\u2019importanza che rivestir\u00e0 nel futuro immediato la <strong>creazione di contenuti video<\/strong>, che aiuteranno i brand a farsi conoscere grazie ad un algoritmo che tender\u00e0 sempre pi\u00f9 spesso (e in modo massiccio) a spingere sulla piattaforma brevi clip informative. Gli utenti, oggi, dimostrano di avere un livello di attenzione sempre pi\u00f9 basso: un video di pochi secondi \u00e8 quindi un ottimo strumento per catturare immediatamente e in modo efficace la loro attenzione.<\/span><\/p>\n<p><span style=\"font-weight: 400;\">Quanto detto finora avr\u00e0 dunque un forte impatto sugli editori: sul feed degli utenti ci saranno sempre meno contenuti-link consigliati (per esempio: gli articoli di giornale o dei blog) e sempre pi\u00f9 video. La strada da seguire per i brand sembra dunque essere gi\u00e0 tracciata ed \u00e8 quella del video marketing.<\/span><\/p>\n<h3><b>Facebook Live<\/b><\/h3>\n<p><span style=\"font-weight: 400;\">Con la pandemia abbiamo assistito ad un vero e proprio boom delle <strong>dirette streaming su Facebook<\/strong> (ma anche su Instagram), uno strumento che ha permesso alle aziende di raccontarsi senza filtri e di mostrare quello che effettivamente accade al loro interno.<\/span><\/p>\n<p><span style=\"font-weight: 400;\">Attraverso lo strumento delle dirette \u00e8 possibile creare una connessione immediata e molto personale con il vostro pubblico, dando la possibilit\u00e0 ai vostri clienti attuali e potenziali di interagire con voi tramite reaction, emoji e commenti in tempo reale.<\/span><\/p>\n<h3><b>La realt\u00e0 aumentata al centro\u00a0<\/b><\/h3>\n<p><span style=\"font-weight: 400;\">Con la nascita e lo sviluppo del Metaverso, Mark Zuckerberg ha cercato di spingere l\u2019esperienza online degli utenti verso territori ancora inesplorati, dando vita ad una vera e propria realt\u00e0 virtuale dove \u00e8 possibile muoversi e interagire a partire dai propri avatar.\u00a0<\/span><\/p>\n<p><span style=\"font-weight: 400;\">I dati forniti da Spark AR Studio, il software di Facebook basato sulla <strong>Realt\u00e0 Aumentata<\/strong>, ci forniscono, a proposito, un quadro completo della situazione. Realt\u00e0 virtuale e realt\u00e0 aumentata saranno sicuramente i due principali trend di Facebook da tenere d\u2019occhio nel 2022 e nel 2023: risulta infatti che nel 2020 la Realt\u00e0 Aumentata abbia coinvolto mezzo milione di creator nel mondo, per un totale di (almeno) 1,2 milioni di contenuti creati. Inoltre, nel solo terzo trimestre del 2020, i contenuti generati con gli effetti di Spark AR hanno generato pi\u00f9 di un miliardo di visualizzazioni. Numeri, a quanto pare, destinati ad aumentare anche nel prossimo biennio.<\/span><\/p>\n<p><span style=\"font-weight: 400;\">Siete alla ricerca di altri consigli per la creazione di contenuti su Facebook per il vostro business? Contents.com \u00e8 la piattaforma giusta! Grazie a Contents.com potrete creare e trasformare tutti i contenuti di cui avete bisogno ad hoc, integrando l\u2019utilizzo dell\u2019intelligenza artificiale con la creativit\u00e0 umana. Per scoprire la piattaforma one-stop non perdere la vostra <\/span><a href=\"https:\/\/www.contents.com\/it\/prezzi\/?utm_medium=magazine&amp;utm_campaign=mag17-it\"><span style=\"font-weight: 400;\">prova gratuita<\/span><\/a><span style=\"font-weight: 400;\"> di 7 giorni! <\/span><\/p>\n","protected":false},"excerpt":{"rendered":"<p>Quali sono i trend in atto su Facebook che ci porteremo dietro anche nel 2023? Scopriamoli insieme in questo articolo!<\/p>\n","protected":false},"author":5,"featured_media":21171,"comment_status":"open","ping_status":"open","sticky":false,"template":"","format":"standard","meta":{"_acf_changed":false,"content-type":"","inline_featured_image":false,"footnotes":""},"categories":[115],"tags":[171],"class_list":["post-21178","post","type-post","status-publish","format-standard","has-post-thumbnail","hentry","category-social-media","tag-facebook"],"acf":[],"aioseo_notices":[],"_links":{"self":[{"href":"https:\/\/www.contents.com\/it\/wp-json\/wp\/v2\/posts\/21178","targetHints":{"allow":["GET"]}}],"collection":[{"href":"https:\/\/www.contents.com\/it\/wp-json\/wp\/v2\/posts"}],"about":[{"href":"https:\/\/www.contents.com\/it\/wp-json\/wp\/v2\/types\/post"}],"author":[{"embeddable":true,"href":"https:\/\/www.contents.com\/it\/wp-json\/wp\/v2\/users\/5"}],"replies":[{"embeddable":true,"href":"https:\/\/www.contents.com\/it\/wp-json\/wp\/v2\/comments?post=21178"}],"version-history":[{"count":1,"href":"https:\/\/www.contents.com\/it\/wp-json\/wp\/v2\/posts\/21178\/revisions"}],"predecessor-version":[{"id":21179,"href":"https:\/\/www.contents.com\/it\/wp-json\/wp\/v2\/posts\/21178\/revisions\/21179"}],"wp:featuredmedia":[{"embeddable":true,"href":"https:\/\/www.contents.com\/it\/wp-json\/wp\/v2\/media\/21171"}],"wp:attachment":[{"href":"https:\/\/www.contents.com\/it\/wp-json\/wp\/v2\/media?parent=21178"}],"wp:term":[{"taxonomy":"category","embeddable":true,"href":"https:\/\/www.contents.com\/it\/wp-json\/wp\/v2\/categories?post=21178"},{"taxonomy":"post_tag","embeddable":true,"href":"https:\/\/www.contents.com\/it\/wp-json\/wp\/v2\/tags?post=21178"}],"curies":[{"name":"wp","href":"https:\/\/api.w.org\/{rel}","templated":true}]}}