{"id":20946,"date":"2022-07-06T15:49:23","date_gmt":"2022-07-06T13:49:23","guid":{"rendered":"https:\/\/www.contents.com\/come-modificare-piano-editoriale-estate\/"},"modified":"2024-05-16T02:42:44","modified_gmt":"2024-05-16T00:42:44","slug":"come-modificare-piano-editoriale-estate","status":"publish","type":"post","link":"https:\/\/www.contents.com\/it\/magazine\/creazione-contenuti\/come-modificare-piano-editoriale-estate\/","title":{"rendered":"Piano editoriale per sito e social durante la chiusura aziendale: come rivederlo durante le vacanze estive"},"content":{"rendered":"<p><span style=\"font-weight: 400;\">Gli esperti di Google Analytics lo sanno molto bene: l\u2019estate, particolarmente il periodo che va da circa met\u00e0 luglio fino ad agosto inoltrato, \u00e8 un momento in cui le visite a tutti i siti calano in modo fisiologico. Le persone, com\u2019\u00e8 normale che sia, vanno in vacanza e di conseguenza tendono a passare molto meno tempo sui loro device e sulle varie app social. Nonostante questo calo di visite, di accessi e di interazioni questo non significa che il proprio sito o la propria pagina social debbano essere completamente abbandonati, anzi!<\/span><\/p>\n<p><span style=\"font-weight: 400;\">Il periodo estivo pu\u00f2 in realt\u00e0 essere un\u2019ottima occasione per le aziende che vogliono provare a sperimentare anche con contenuti diversi dal solito, mantenendo allo stesso tempo fede alla promessa ideale che hanno fatto al loro pubblico: fornire servizi e informazioni utili in modo pratico, semplice e immediato. Ecco dunque tutto quello che devi sapere per <strong>modificare il tuo piano editoriale durante la chiusura aziendale.<\/strong><\/span><\/p>\n<h2><b>Parola d\u2019ordine: spensieratezza<\/b><\/h2>\n<p><span style=\"font-weight: 400;\">Che tu abbia in mano un blog, un sito aziendale, una pagina Instagram, Facebook o TikTok oppure <\/span><a href=\"https:\/\/www.contents.com\/magazine\/it\/creazione-contenuti\/marketing-omnicanale-cose-come-si-applica\/\" target=\"_blank\" rel=\"noopener\"><span style=\"font-weight: 400;\">tutti questi insieme<\/span><\/a><span style=\"font-weight: 400;\"> \u00e8 necessario che tu proponga argomenti e contenuti piuttosto leggeri, che rispecchiano le necessit\u00e0 degli utenti in questo periodo.<\/span><\/p>\n<p><span style=\"font-weight: 400;\">Evita dunque di parlare di argomenti troppo tecnici o specifici o approfondimenti che un qualunque utente salter\u00e0 a pi\u00e8 pari preferendo un tuffo in piscina o un cocktail sulla spiaggia. Se per esempio ti occupi di cucina, proponi ricette di piatti veloci e sfiziosi da poter portare facilmente con te al mare. Se il tuo settore \u00e8 la musica componi una selezione di brani estivi da raccogliere in una playlist. Se invece, per esempio, sei il responsabile di un e-shop di vestiti pubblica sul tuo blog un articolo sugli abbinamenti giusti per un outfit in spiaggia (e magari proponi degli sconti ad hoc).<\/span><\/p>\n<p><span style=\"font-weight: 400;\">Alleggerisci tutto ci\u00f2 che per il resto dell\u2019anno sar\u00e0 decisamente pi\u00f9 noioso e pesante, \u00e8 il momento giusto!<\/span><\/p>\n<h2><b>Cambia la tua visual identity<\/b><\/h2>\n<p><span style=\"font-weight: 400;\">Il tuo piano editoriale dovr\u00e0 essere modificato non soltanto nel contenuto, ma anche nella forma. I tre mesi estivi dovranno essere per forza all\u2019insegna dei colori: sgargianti, allegri, leggeri.<\/span><\/p>\n<p><span style=\"font-weight: 400;\">Se ne hai la possibilit\u00e0 e se questo non comporta uno sforzo eccessivo, per esempio, modifica temporaneamente la grafica del tuo sito per essere in linea con il mood dell\u2019estate. Senza esagerare rischiando di apparire troppo stucchevole, applica lo stesso principio anche alle grafiche dei tuoi post o caroselli Instagram, giusto per fare un esempio. Basta davvero poco, anche soltanto l\u2019emoji del sole o delle onde del mare. Spazio al giallo, all\u2019azzurro, all\u2019arancione, al verde e al rosso!<\/span><\/p>\n<h2><b>Attenzione ai giorni in cui pubblicare<\/b><\/h2>\n<p><span style=\"font-weight: 400;\">Se gi\u00e0 durante l\u2019anno il weekend \u00e8 un momento piuttosto scarico di visite e interazioni, nel periodo estivo questo principio vale ancora di pi\u00f9: di conseguenza. vale la pena focalizzarsi su post e articoli pronti per andare in pagina a met\u00e0 settimana (meglio se due o tre pezzi\/post da pubblicare dal luned\u00ec al gioved\u00ec).<\/span><\/p>\n<h2><b>Programma come se non ci fosse un domani<\/b><\/h2>\n<p><span style=\"font-weight: 400;\">Inutile ribadire che nel pieno del periodo estivo non soltanto i nostri utenti non saranno particolarmente attivi ma anche le stesse aziende saranno rallentate, causa ferie da parte del personale ma anche mancanza di spunti e contenuti in generale.<\/span><\/p>\n<p><span style=\"font-weight: 400;\">Proprio per questo motivo, le settimane che precedono l\u2019estate sono il periodo per eccellenza in cui vale la pena di prendersi del tempo per pensare ai contenuti programmati da inserire nel proprio piano editoriale.<\/span><\/p>\n<p><span style=\"font-weight: 400;\">La programmazione dei contenuti \u00e8 qualcosa che ovviamente gi\u00e0 avviene di norma durante l\u2019anno, ma \u00e8 l\u2019estate il periodo per eccellenza in cui questo tipo di funzione sar\u00e0 particolarmente preziosa. Se per esempio hai un sito basato su un CMS come WordPress, ti baster\u00e0 posticipare la pubblicazione di un determinato articolo non solo ad una data ma anche ad un orario specifico. Se invece hai una pagina Facebook collegata al relativo account Instagram, a tua disposizione c\u2019\u00e8 la funzione ad hoc nella sezione Creator Studio.<\/span><\/p>\n<p><span style=\"font-weight: 400;\">Programma tutto e vai in vacanza sereno\/a!<\/span><\/p>\n<h2><b>Punta su format nuovi<\/b><\/h2>\n<p><span style=\"font-weight: 400;\">Proprio perch\u00e9 avrai a che fare con un pubblico un po\u2019 diverso rispetto al solito, sperimenta anche nuove strade per la tua comunicazione: se il tuo piano editoriale Instagram o Facebook \u00e8 composto solo da post statici tenta la strada dei video o dei Reel (magari con la canzone in trend del momento).<\/span><\/p>\n<p><span style=\"font-weight: 400;\">Rendi la tua attivit\u00e0 pi\u00f9 umana raccontando le storie dei tuoi dipendenti, di come stanno passando le vacanze, di come il loro lavoro e il loro ruolo (anche durante le ferie, magari) sta contribuendo a dare valore al tuo prodotto, al tuo sito, o in generale alla tua attivit\u00e0 online.<\/span><\/p>\n<p><span style=\"font-weight: 400;\">Anche il piano editoriale di un sito pu\u00f2 essere modificato di conseguenza, inserendo per esempio test, quiz, curiosit\u00e0 gustose e tutto quello che un utente medio potrebbe voler leggere, magari sotto l\u2019ombrellone con il suo smartphone (come se fosse un magazine leggero).<\/span><\/p>\n<p><span style=\"font-weight: 400;\">Anche tu gestisci un sito o delle pagine social e sei alla ricerca di altre idee e consigli per il tuo piano editoriale durante la stagione estiva? Sogni di sviluppare una strategia di contenuti efficace per la tua azienda?<\/span><a href=\"https:\/\/www.contents.com\/\" target=\"_blank\" rel=\"noopener\"><span style=\"font-weight: 400;\"> Contents.com<\/span><\/a><span style=\"font-weight: 400;\"> \u00e8 la piattaforma che fa al caso tuo.<\/span><\/p>\n<p><span style=\"font-weight: 400;\">Grazie alla piattaforma one-stop shop, potrai creare e trasformare tutti i contenuti di cui hai bisogno ad hoc, integrando l\u2019utilizzo dell\u2019intelligenza artificiale con la creativit\u00e0 umana. Scopri di pi\u00f9 sulla piattaforma one-stop attivando la tua <\/span><a href=\"https:\/\/www.contents.com\/pricing\/\" target=\"_blank\" rel=\"noopener\"><span style=\"font-weight: 400;\">prova gratuita<\/span><\/a><span style=\"font-weight: 400;\"> di 7 giorni! <\/span><\/p>\n","protected":false},"excerpt":{"rendered":"<p>Gli esperti di Google Analytics lo sanno molto bene: l\u2019estate, particolarmente il periodo che va da circa met\u00e0 luglio fino ad agosto inoltrato, \u00e8 un momento in cui le visite a tutti i siti calano in modo fisiologico. Le persone, com\u2019\u00e8 normale che sia, vanno in vacanza e di conseguenza tendono a passare molto meno [&hellip;]<\/p>\n","protected":false},"author":5,"featured_media":20947,"comment_status":"open","ping_status":"open","sticky":false,"template":"","format":"standard","meta":{"_acf_changed":false,"content-type":"","inline_featured_image":false,"footnotes":""},"categories":[112],"tags":[],"class_list":["post-20946","post","type-post","status-publish","format-standard","has-post-thumbnail","hentry","category-creazione-contenuti"],"acf":[],"aioseo_notices":[],"_links":{"self":[{"href":"https:\/\/www.contents.com\/it\/wp-json\/wp\/v2\/posts\/20946","targetHints":{"allow":["GET"]}}],"collection":[{"href":"https:\/\/www.contents.com\/it\/wp-json\/wp\/v2\/posts"}],"about":[{"href":"https:\/\/www.contents.com\/it\/wp-json\/wp\/v2\/types\/post"}],"author":[{"embeddable":true,"href":"https:\/\/www.contents.com\/it\/wp-json\/wp\/v2\/users\/5"}],"replies":[{"embeddable":true,"href":"https:\/\/www.contents.com\/it\/wp-json\/wp\/v2\/comments?post=20946"}],"version-history":[{"count":1,"href":"https:\/\/www.contents.com\/it\/wp-json\/wp\/v2\/posts\/20946\/revisions"}],"predecessor-version":[{"id":20953,"href":"https:\/\/www.contents.com\/it\/wp-json\/wp\/v2\/posts\/20946\/revisions\/20953"}],"wp:featuredmedia":[{"embeddable":true,"href":"https:\/\/www.contents.com\/it\/wp-json\/wp\/v2\/media\/20947"}],"wp:attachment":[{"href":"https:\/\/www.contents.com\/it\/wp-json\/wp\/v2\/media?parent=20946"}],"wp:term":[{"taxonomy":"category","embeddable":true,"href":"https:\/\/www.contents.com\/it\/wp-json\/wp\/v2\/categories?post=20946"},{"taxonomy":"post_tag","embeddable":true,"href":"https:\/\/www.contents.com\/it\/wp-json\/wp\/v2\/tags?post=20946"}],"curies":[{"name":"wp","href":"https:\/\/api.w.org\/{rel}","templated":true}]}}