{"id":15433,"date":"2025-03-24T11:30:00","date_gmt":"2025-03-24T10:30:00","guid":{"rendered":"https:\/\/www.contents.com\/magazine\/?p=15433"},"modified":"2025-04-01T15:30:38","modified_gmt":"2025-04-01T13:30:38","slug":"revolucao-digital-como-a-inteligencia-artificial-esta-automatizando-a-gestao-de-conteudos-empresariais","status":"publish","type":"post","link":"https:\/\/www.contents.com\/pt\/magazine\/criacao-de-conteudo\/revolucao-digital-como-a-inteligencia-artificial-esta-automatizando-a-gestao-de-conteudos-empresariais\/","title":{"rendered":"Revolu\u00e7\u00e3o Digital: Como a Intelig\u00eancia Artificial Est\u00e1 Automatizando a Gest\u00e3o de Conte\u00fados Empresariais"},"content":{"rendered":"<p>No cen\u00e1rio da transforma\u00e7\u00e3o digital, a intelig\u00eancia artificial est\u00e1 desempenhando um papel fundamental na gest\u00e3o empresarial. A automa\u00e7\u00e3o inteligente, a an\u00e1lise preditiva e a personaliza\u00e7\u00e3o est\u00e3o revolucionando a forma como as empresas operam, liberando equipes para atividades estrat\u00e9gicas e antecipando tend\u00eancias. A complementaridade entre IA e intelig\u00eancia humana molda o futuro dos neg\u00f3cios.<\/p>\n<h2>Automa\u00e7\u00e3o Inteligente: Libertando as Equipes para o Pensamento Estrat\u00e9gico<\/h2>\n<p>A automa\u00e7\u00e3o inteligente est\u00e1 desempenhando um papel fundamental ao libertar as equipes empresariais para se dedicarem ao pensamento estrat\u00e9gico. Ao automatizar tarefas rotineiras e repetitivas, as equipes s\u00e3o capazes de direcionar sua aten\u00e7\u00e3o para atividades que exigem criatividade, an\u00e1lise profunda e planejamento estrat\u00e9gico. Com a IA assumindo as responsabilidades operacionais, os colaboradores t\u00eam a oportunidade de explorar novas ideias, identificar oportunidades de crescimento e desenvolver solu\u00e7\u00f5es inovadoras para os desafios do neg\u00f3cio. Essa mudan\u00e7a de paradigma permite que as equipes maximizem seu potencial intelectual e contribuam de forma mais significativa para o sucesso e a evolu\u00e7\u00e3o da empresa.<\/p>\n<h2>An\u00e1lise Preditiva e Personaliza\u00e7\u00e3o: Antecipando Tend\u00eancias e Otimizando Opera\u00e7\u00f5es<\/h2>\n<p>A an\u00e1lise preditiva impulsionada pela intelig\u00eancia artificial est\u00e1 se tornando uma ferramenta indispens\u00e1vel para as empresas anteciparem tend\u00eancias e otimizarem suas opera\u00e7\u00f5es. Ao analisar grandes volumes de dados em tempo real, a IA pode identificar padr\u00f5es e prever poss\u00edveis cen\u00e1rios futuros, permitindo que as organiza\u00e7\u00f5es ajam proativamente. Al\u00e9m disso, a personaliza\u00e7\u00e3o dos sistemas baseada em IA permite adaptar as estrat\u00e9gias de acordo com as necessidades espec\u00edficas de cada empresa, aumentando a efici\u00eancia e a efic\u00e1cia das decis\u00f5es tomadas. Essa combina\u00e7\u00e3o de an\u00e1lise preditiva e personaliza\u00e7\u00e3o est\u00e1 revolucionando a forma como as empresas planejam e executam suas opera\u00e7\u00f5es, proporcionando vantagens competitivas significativas.<\/p>\n<h2>Complementaridade entre IA e Intelig\u00eancia Humana: O Futuro da Gest\u00e3o Empresarial<\/h2>\n<p>Apesar do avan\u00e7o da intelig\u00eancia artificial na gest\u00e3o empresarial, a complementaridade com a intelig\u00eancia humana \u00e9 fundamental para garantir o sucesso a longo prazo das opera\u00e7\u00f5es. Enquanto a IA pode automatizar processos complexos e otimizar recursos, \u00e9 o toque humano que traz criatividade, insights estrat\u00e9gicos e considera\u00e7\u00f5es \u00e9ticas essenciais. A supervis\u00e3o humana \u00e9 crucial para validar as an\u00e1lises geradas pela IA, garantindo decis\u00f5es fundamentadas e alinhadas com os objetivos da empresa. A intera\u00e7\u00e3o entre ambas as formas de intelig\u00eancia molda o presente e o futuro dos neg\u00f3cios, destacando a import\u00e2ncia de uma abordagem integrada para alcan\u00e7ar resultados eficazes e sustent\u00e1veis.<\/p>\n<p>A intera\u00e7\u00e3o entre a intelig\u00eancia artificial e a capacidade humana de pensamento estrat\u00e9gico molda o cen\u00e1rio atual dos neg\u00f3cios. O futuro da gest\u00e3o empresarial depende dessa complementaridade. Resta refletir sobre como as organiza\u00e7\u00f5es podem continuar a evoluir nessa parceria para alcan\u00e7ar novos patamares de efici\u00eancia e inova\u00e7\u00e3o.<\/p>\n","protected":false},"excerpt":{"rendered":"<p>A intelig\u00eancia artificial (IA) est\u00e1 transformando a gest\u00e3o empresarial, promovendo automa\u00e7\u00e3o inteligente, an\u00e1lise preditiva e personaliza\u00e7\u00e3o. A complementaridade entre IA e intelig\u00eancia humana \u00e9 crucial para o futuro dos neg\u00f3cios.<\/p>\n","protected":false},"author":5,"featured_media":35035,"comment_status":"open","ping_status":"open","sticky":false,"template":"","format":"standard","meta":{"_acf_changed":false,"content-type":"","inline_featured_image":false,"footnotes":""},"categories":[252],"tags":[],"class_list":["post-15433","post","type-post","status-publish","format-standard","has-post-thumbnail","hentry","category-criacao-de-conteudo"],"acf":[],"aioseo_notices":[],"_links":{"self":[{"href":"https:\/\/www.contents.com\/pt\/wp-json\/wp\/v2\/posts\/15433","targetHints":{"allow":["GET"]}}],"collection":[{"href":"https:\/\/www.contents.com\/pt\/wp-json\/wp\/v2\/posts"}],"about":[{"href":"https:\/\/www.contents.com\/pt\/wp-json\/wp\/v2\/types\/post"}],"author":[{"embeddable":true,"href":"https:\/\/www.contents.com\/pt\/wp-json\/wp\/v2\/users\/5"}],"replies":[{"embeddable":true,"href":"https:\/\/www.contents.com\/pt\/wp-json\/wp\/v2\/comments?post=15433"}],"version-history":[{"count":1,"href":"https:\/\/www.contents.com\/pt\/wp-json\/wp\/v2\/posts\/15433\/revisions"}],"predecessor-version":[{"id":36049,"href":"https:\/\/www.contents.com\/pt\/wp-json\/wp\/v2\/posts\/15433\/revisions\/36049"}],"wp:featuredmedia":[{"embeddable":true,"href":"https:\/\/www.contents.com\/pt\/wp-json\/wp\/v2\/media\/35035"}],"wp:attachment":[{"href":"https:\/\/www.contents.com\/pt\/wp-json\/wp\/v2\/media?parent=15433"}],"wp:term":[{"taxonomy":"category","embeddable":true,"href":"https:\/\/www.contents.com\/pt\/wp-json\/wp\/v2\/categories?post=15433"},{"taxonomy":"post_tag","embeddable":true,"href":"https:\/\/www.contents.com\/pt\/wp-json\/wp\/v2\/tags?post=15433"}],"curies":[{"name":"wp","href":"https:\/\/api.w.org\/{rel}","templated":true}]}}