{"id":15211,"date":"2025-01-01T12:00:00","date_gmt":"2025-01-01T11:00:00","guid":{"rendered":"https:\/\/www.contents.com\/magazine\/inteligencia-artificial\/enfrentando-a-revolucao-da-ia-como-apoiar-funcionarios-na-era-digital\/"},"modified":"2025-04-01T15:30:12","modified_gmt":"2025-04-01T13:30:12","slug":"enfrentando-a-revolucao-da-ia-como-apoiar-funcionarios-na-era-digital","status":"publish","type":"post","link":"https:\/\/www.contents.com\/pt\/magazine\/inteligencia-artificial-pt\/enfrentando-a-revolucao-da-ia-como-apoiar-funcionarios-na-era-digital\/","title":{"rendered":"Enfrentando a Revolu\u00e7\u00e3o da IA: Como Apoiar Funcion\u00e1rios na Era Digital"},"content":{"rendered":"<p>A for\u00e7a de trabalho do futuro est\u00e1 sendo moldada pela integra\u00e7\u00e3o entre humanos e m\u00e1quinas, impulsionada pela revolu\u00e7\u00e3o da intelig\u00eancia artificial (IA). Enquanto a automa\u00e7\u00e3o gera preocupa\u00e7\u00f5es sobre seguran\u00e7a no emprego, l\u00edderes reconhecem o potencial de novas oportunidades profissionais. Como as empresas podem apoiar seus funcion\u00e1rios nessa era digital?<\/p>\n<h2>A Sinergia entre Humanos e M\u00e1quinas: A Nova For\u00e7a de Trabalho<\/h2>\n<p>A sinergia entre humanos e m\u00e1quinas est\u00e1 se consolidando como a nova for\u00e7a de trabalho do presente e do futuro. A combina\u00e7\u00e3o da intelig\u00eancia artificial com as habilidades humanas est\u00e1 revolucionando a maneira como realizamos tarefas e impulsionando a produtividade em diversos setores. A colabora\u00e7\u00e3o entre humanos e IA n\u00e3o apenas otimiza processos, mas tamb\u00e9m permite um recrutamento mais eficiente e um desenvolvimento profissional personalizado. Essa parceria possibilita identificar lacunas de habilidades, promovendo uma cultura de aprendizado cont\u00ednuo e inclus\u00e3o no ambiente de trabalho. A integra\u00e7\u00e3o eficaz entre humanos e m\u00e1quinas \u00e9 essencial para garantir um ambiente de trabalho inovador e competitivo.<\/p>\n<h2>Superando o Medo da Automa\u00e7\u00e3o: Estrat\u00e9gias para Seguran\u00e7a no Emprego<\/h2>\n<p>Para superar o medo da automa\u00e7\u00e3o e garantir a seguran\u00e7a no emprego, as empresas devem implementar estrat\u00e9gias eficazes. Isso inclui investir em programas de requalifica\u00e7\u00e3o e treinamento para capacitar os funcion\u00e1rios a se adaptarem \u00e0s novas demandas do mercado de trabalho impulsionado pela IA. Al\u00e9m disso, \u00e9 essencial promover uma cultura organizacional que valorize a aprendizagem cont\u00ednua e a inova\u00e7\u00e3o, incentivando os colaboradores a se manterem atualizados e a explorarem novas oportunidades de crescimento profissional dentro da empresa. A transpar\u00eancia na comunica\u00e7\u00e3o sobre as mudan\u00e7as provocadas pela automa\u00e7\u00e3o tamb\u00e9m \u00e9 fundamental para tranquilizar os funcion\u00e1rios e construir um ambiente de confian\u00e7a e colabora\u00e7\u00e3o.<\/p>\n<h2>Oportunidades Profissionais na Era da IA: Transformando Desafios em Sucesso<\/h2>\n<p>Apesar das preocupa\u00e7\u00f5es com a automa\u00e7\u00e3o, a era da IA apresenta oportunidades profissionais significativas. A colabora\u00e7\u00e3o entre humanos e m\u00e1quinas pode resultar em um aumento da produtividade e efici\u00eancia no local de trabalho. Al\u00e9m disso, a IA pode auxiliar na identifica\u00e7\u00e3o de lacunas de habilidades, permitindo que os funcion\u00e1rios se desenvolvam e se destaquem em suas carreiras. As empresas que integram efetivamente a IA em seus processos t\u00eam a capacidade de personalizar o desenvolvimento profissional de seus colaboradores, criando um ambiente de trabalho mais inclusivo e preparando sua for\u00e7a de trabalho para as demandas do futuro digital.<\/p>\n<p>\u00c0 medida que enfrentamos a revolu\u00e7\u00e3o da IA, \u00e9 fundamental lembrar que a colabora\u00e7\u00e3o entre humanos e m\u00e1quinas \u00e9 o caminho para o sucesso no mundo do trabalho. No entanto, ser\u00e1 que estamos preparados para lidar com as consequ\u00eancias \u00e9ticas e sociais dessa transforma\u00e7\u00e3o?<\/p>\n","protected":false},"excerpt":{"rendered":"<p>A integra\u00e7\u00e3o entre humanos e m\u00e1quinas, impulsionada pela IA, est\u00e1 moldando a for\u00e7a de trabalho futura, gerando novas oportunidades profissionais, aumentando a produtividade e promovendo um ambiente de trabalho inovador e competitivo.<\/p>\n","protected":false},"author":5,"featured_media":15201,"comment_status":"open","ping_status":"open","sticky":false,"template":"","format":"standard","meta":{"_acf_changed":false,"content-type":"","inline_featured_image":false,"footnotes":""},"categories":[250],"tags":[],"class_list":["post-15211","post","type-post","status-publish","format-standard","has-post-thumbnail","hentry","category-inteligencia-artificial-pt"],"acf":[],"aioseo_notices":[],"_links":{"self":[{"href":"https:\/\/www.contents.com\/pt\/wp-json\/wp\/v2\/posts\/15211","targetHints":{"allow":["GET"]}}],"collection":[{"href":"https:\/\/www.contents.com\/pt\/wp-json\/wp\/v2\/posts"}],"about":[{"href":"https:\/\/www.contents.com\/pt\/wp-json\/wp\/v2\/types\/post"}],"author":[{"embeddable":true,"href":"https:\/\/www.contents.com\/pt\/wp-json\/wp\/v2\/users\/5"}],"replies":[{"embeddable":true,"href":"https:\/\/www.contents.com\/pt\/wp-json\/wp\/v2\/comments?post=15211"}],"version-history":[{"count":1,"href":"https:\/\/www.contents.com\/pt\/wp-json\/wp\/v2\/posts\/15211\/revisions"}],"predecessor-version":[{"id":35832,"href":"https:\/\/www.contents.com\/pt\/wp-json\/wp\/v2\/posts\/15211\/revisions\/35832"}],"wp:featuredmedia":[{"embeddable":true,"href":"https:\/\/www.contents.com\/pt\/wp-json\/wp\/v2\/media\/15201"}],"wp:attachment":[{"href":"https:\/\/www.contents.com\/pt\/wp-json\/wp\/v2\/media?parent=15211"}],"wp:term":[{"taxonomy":"category","embeddable":true,"href":"https:\/\/www.contents.com\/pt\/wp-json\/wp\/v2\/categories?post=15211"},{"taxonomy":"post_tag","embeddable":true,"href":"https:\/\/www.contents.com\/pt\/wp-json\/wp\/v2\/tags?post=15211"}],"curies":[{"name":"wp","href":"https:\/\/api.w.org\/{rel}","templated":true}]}}