{"id":14686,"date":"2025-01-11T12:00:00","date_gmt":"2025-01-11T11:00:00","guid":{"rendered":"https:\/\/www.contents.com\/magazine\/?p=14686"},"modified":"2025-04-01T15:30:08","modified_gmt":"2025-04-01T13:30:08","slug":"a-gestao-de-riscos-com-a-inteligencia-artificial-desafios-e-oportunidades","status":"publish","type":"post","link":"https:\/\/www.contents.com\/pt\/magazine\/inteligencia-artificial-pt\/a-gestao-de-riscos-com-a-inteligencia-artificial-desafios-e-oportunidades\/","title":{"rendered":"A Gest\u00e3o de Riscos com a Intelig\u00eancia Artificial: Desafios e Oportunidades"},"content":{"rendered":"<p>A intelig\u00eancia artificial (IA) tem se tornado cada vez mais presente em nossas vidas, trazendo consigo uma s\u00e9rie de riscos e benef\u00edcios. Neste artigo, discutiremos os desafios e oportunidades da gest\u00e3o de riscos com a IA, abordando quest\u00f5es como seguran\u00e7a, privacidade, transforma\u00e7\u00e3o empresarial, democracia e direitos fundamentais. Veremos como a IA pode ser tanto uma ferramenta poderosa para o progresso quanto uma fonte de preocupa\u00e7\u00e3o e debate sobre responsabilidade e impactos sociais.<\/p>\n<h2>Seguran\u00e7a e Privacidade: A Fronteira da Responsabilidade na Era Digital<\/h2>\n<p>O uso crescente da intelig\u00eancia artificial (IA) levanta preocupa\u00e7\u00f5es sobre seguran\u00e7a e privacidade na era digital. A fronteira da responsabilidade se torna nebulosa quando se trata de danos causados por sistemas de IA. Quem \u00e9 o respons\u00e1vel por eventuais viola\u00e7\u00f5es ou consequ\u00eancias negativas? Al\u00e9m disso, a IA pode comprometer a privacidade das pessoas, pois o processamento de grandes quantidades de dados pode expor informa\u00e7\u00f5es sens\u00edveis. \u00c9 essencial estabelecer regulamenta\u00e7\u00f5es claras para garantir a seguran\u00e7a dos usu\u00e1rios e proteger sua privacidade. Tamb\u00e9m \u00e9 necess\u00e1rio considerar como a IA pode perpetuar preconceitos e discrimina\u00e7\u00e3o, j\u00e1 que os algoritmos podem ser influenciados por vieses humanos. A seguran\u00e7a e a privacidade devem ser prioridades ao explorar as oportunidades oferecidas pela IA na era digital.<\/p>\n<h2>Transforma\u00e7\u00e3o Empresarial: Otimiza\u00e7\u00e3o ou Distor\u00e7\u00e3o do Mercado?<\/h2>\n<p>A transforma\u00e7\u00e3o empresarial impulsionada pela intelig\u00eancia artificial (IA) pode trazer tanto benef\u00edcios quanto riscos para o mercado. Por um lado, a IA permite que as empresas otimizem seus processos, desenvolvam produtos inovadores e reduzam custos nos servi\u00e7os p\u00fablicos. No entanto, essa transforma\u00e7\u00e3o tamb\u00e9m apresenta desafios, como a distor\u00e7\u00e3o da concorr\u00eancia devido ao ac\u00famulo de informa\u00e7\u00f5es pelas empresas. Al\u00e9m disso, aplica\u00e7\u00f5es mal projetadas podem representar riscos \u00e0 seguran\u00e7a. \u00c9 essencial que as empresas sejam respons\u00e1veis pelo uso adequado da IA e garantam transpar\u00eancia em suas pr\u00e1ticas. Dessa forma, a transforma\u00e7\u00e3o empresarial impulsionada pela IA pode ser uma oportunidade de crescimento, desde que seja realizada com responsabilidade e \u00e9tica.<\/p>\n<h2>Democracia e Direitos Fundamentais: A Luta Contra a Desinforma\u00e7\u00e3o<\/h2>\n<p>A intelig\u00eancia artificial (IA) apresenta desafios e oportunidades para a democracia e os direitos fundamentais, especialmente na luta contra a desinforma\u00e7\u00e3o. A dissemina\u00e7\u00e3o de not\u00edcias falsas e o uso de algoritmos manipulativos podem comprometer a confian\u00e7a dos cidad\u00e3os nas institui\u00e7\u00f5es democr\u00e1ticas. No entanto, a IA tamb\u00e9m pode ser uma aliada na detec\u00e7\u00e3o e combate \u00e0 desinforma\u00e7\u00e3o. Por meio da an\u00e1lise de grandes volumes de dados, a IA pode identificar padr\u00f5es de propaga\u00e7\u00e3o de informa\u00e7\u00f5es falsas e ajudar a verificar a veracidade das not\u00edcias. Al\u00e9m disso, a IA pode contribuir para a promo\u00e7\u00e3o da igualdade de oportunidades, ao oferecer acesso imparcial \u00e0 informa\u00e7\u00e3o e ampliar o debate p\u00fablico. \u00c9 fundamental garantir que o uso da IA na luta contra a desinforma\u00e7\u00e3o seja transparente, \u00e9tico e respeite os direitos fundamentais dos cidad\u00e3os.<\/p>\n<p>A gest\u00e3o de riscos com a intelig\u00eancia artificial \u00e9 um desafio complexo e multidimensional. Embora haja benef\u00edcios significativos, tamb\u00e9m existem preocupa\u00e7\u00f5es s\u00e9rias em rela\u00e7\u00e3o \u00e0 seguran\u00e7a, privacidade, democracia e responsabilidade. \u00c0 medida que avan\u00e7amos nessa era digital, \u00e9 fundamental encontrar solu\u00e7\u00f5es equilibradas que maximizem as oportunidades da IA, ao mesmo tempo em que mitigam seus potenciais danos. Como sociedade, devemos continuar refletindo sobre como garantir uma implementa\u00e7\u00e3o \u00e9tica e respons\u00e1vel da intelig\u00eancia artificial.<\/p>\n","protected":false},"excerpt":{"rendered":"<p>A intelig\u00eancia artificial (IA) apresenta oportunidades e riscos em seguran\u00e7a, privacidade, transforma\u00e7\u00e3o empresarial e democracia. \u00c9 crucial gerir esses riscos, garantindo uma implementa\u00e7\u00e3o \u00e9tica e respons\u00e1vel da IA na era digital.<\/p>\n","protected":false},"author":5,"featured_media":34744,"comment_status":"open","ping_status":"open","sticky":false,"template":"","format":"standard","meta":{"_acf_changed":false,"content-type":"","inline_featured_image":false,"footnotes":""},"categories":[250],"tags":[],"class_list":["post-14686","post","type-post","status-publish","format-standard","has-post-thumbnail","hentry","category-inteligencia-artificial-pt"],"acf":[],"aioseo_notices":[],"_links":{"self":[{"href":"https:\/\/www.contents.com\/pt\/wp-json\/wp\/v2\/posts\/14686","targetHints":{"allow":["GET"]}}],"collection":[{"href":"https:\/\/www.contents.com\/pt\/wp-json\/wp\/v2\/posts"}],"about":[{"href":"https:\/\/www.contents.com\/pt\/wp-json\/wp\/v2\/types\/post"}],"author":[{"embeddable":true,"href":"https:\/\/www.contents.com\/pt\/wp-json\/wp\/v2\/users\/5"}],"replies":[{"embeddable":true,"href":"https:\/\/www.contents.com\/pt\/wp-json\/wp\/v2\/comments?post=14686"}],"version-history":[{"count":1,"href":"https:\/\/www.contents.com\/pt\/wp-json\/wp\/v2\/posts\/14686\/revisions"}],"predecessor-version":[{"id":35792,"href":"https:\/\/www.contents.com\/pt\/wp-json\/wp\/v2\/posts\/14686\/revisions\/35792"}],"wp:featuredmedia":[{"embeddable":true,"href":"https:\/\/www.contents.com\/pt\/wp-json\/wp\/v2\/media\/34744"}],"wp:attachment":[{"href":"https:\/\/www.contents.com\/pt\/wp-json\/wp\/v2\/media?parent=14686"}],"wp:term":[{"taxonomy":"category","embeddable":true,"href":"https:\/\/www.contents.com\/pt\/wp-json\/wp\/v2\/categories?post=14686"},{"taxonomy":"post_tag","embeddable":true,"href":"https:\/\/www.contents.com\/pt\/wp-json\/wp\/v2\/tags?post=14686"}],"curies":[{"name":"wp","href":"https:\/\/api.w.org\/{rel}","templated":true}]}}